{"id":27598,"date":"2019-07-23T08:24:43","date_gmt":"2019-07-23T08:24:43","guid":{"rendered":"http:\/\/dev2.atlatszo.exot.hu\/?p=27598"},"modified":"2019-11-01T07:18:42","modified_gmt":"2019-11-01T07:18:42","slug":"jurnalisti-in-vesta-antiglont","status":"publish","type":"post","link":"https:\/\/atlatszo.ro\/ro\/romana\/jurnalisti-in-vesta-antiglont\/","title":{"rendered":"Jurnali\u015fti \u00een vest\u0103 antiglon\u0163"},"content":{"rendered":"<p><strong>Am petrecut o s\u0103pt\u0103m\u00e2n\u0103 la cursul pentru jurnali\u015ftii care transmit din zone de conflict organizat de Ministerul Ap\u0103r\u0103rii Na\u0163ionale<\/strong><strong>: am \u00eenv\u0103\u021bat tehnici de supravie\u021buire de la militarii For\u021belor pentru Opera\u021bii Speciale care au fost \u0219i \u00een Afganistan.<\/strong><\/p>\n<p>Respiri ap\u0103sat, ai vederea \u00eence\u021bo\u0219at\u0103 \u0219i mi\u0219c\u0103rile grele, de fapt ar trebui s\u0103 alergi, dar nu e\u0219ti \u00een stare dec\u00e2t s\u0103 te t\u00e2r\u0103\u0219ti jalnic.<\/p>\n<p>Te cuprinde panica, de\u0219i \u0219tii c\u0103 nu e voie s\u0103 te panichezi, fiindc\u0103 atunci respiri \u0219i mai repede, consumi \u0219i mai mult din aerul care oricum nu-\u021bi ajunge. Lumea din jur se transform\u0103 \u00eentr-un film \u00eencetinit, trebuie s\u0103 te lup\u021bi pentru fiecare mi\u0219care, fiecare pas. \u0218tii foarte bine c\u0103 este interzis, \u0219i totu\u0219i \u00ee\u021bi vine s\u0103 smulgi masca de gaz de pe fa\u021b\u0103.<\/p>\n<p>Este a doua zi din cursul de coresponden\u021bi de r\u0103zboi, iar situa\u021bia imaginar\u0103 este urm\u0103toarea: ma\u0219ina noastr\u0103 a fost atacat\u0103, nu putem exclude c\u0103 s-au folosit muni\u021bii cu substan\u021be toxice de lupt\u0103, de aceea trebuie s\u0103 alerg\u0103m vreo 400 de metri prin c\u00e2mp deschis p\u00e2n\u0103 la ad\u0103post, purt\u00e2nd un echipament de aproximativ 15 kg (casc\u0103 de protec\u021bie \u0219i vest\u0103 antiglon\u021b). Pe itinerariu haosul este complet: fumul negru se ridic\u0103 din cauciucurile care au luat foc, se aude bubuitul armelor din care se trage cu muni\u0163ie de manevr\u0103.<\/p>\n<figure id=\"attachment_27603\" aria-describedby=\"caption-attachment-27603\" style=\"width: 800px\" class=\"wp-caption alignnone\"><img loading=\"lazy\" decoding=\"async\" class=\"size-full wp-image-27603\" src=\"https:\/\/atlatszo.ro\/wp-content\/uploads\/2019\/07\/65893567_2431896030378132_5385320696291262464_n-1.jpg\" alt=\"\" width=\"800\" height=\"533\" srcset=\"https:\/\/atlatszo.ro\/wp-content\/uploads\/2019\/07\/65893567_2431896030378132_5385320696291262464_n-1.jpg 800w, https:\/\/atlatszo.ro\/wp-content\/uploads\/2019\/07\/65893567_2431896030378132_5385320696291262464_n-1-300x200.jpg 300w, https:\/\/atlatszo.ro\/wp-content\/uploads\/2019\/07\/65893567_2431896030378132_5385320696291262464_n-1-768x512.jpg 768w, https:\/\/atlatszo.ro\/wp-content\/uploads\/2019\/07\/65893567_2431896030378132_5385320696291262464_n-1-750x500.jpg 750w\" sizes=\"(max-width: 800px) 100vw, 800px\" \/><figcaption id=\"caption-attachment-27603\" class=\"wp-caption-text\">La Centrul Na\u0163ional de Instruire \u00centrunit\u0103 &#8222;Getica&#8221; este posibil ca exerci\u0163iile militare s\u0103 se desf\u0103\u015foare \u00een spa\u0163iul virtual<\/figcaption><\/figure>\n<p>Ce caut aici, la cursul organizat de Ministerul Ap\u0103r\u0103rii Na\u021bionale pentru jurnali\u0219tii care\u00a0<a href=\"https:\/\/www.mapn.ro\/corespondenti\/index.php\" target=\"_blank\" rel=\"noopener noreferrer\">transmit din zone de conflict<\/a>, dup\u0103 ce cu 25 de ani \u00een urm\u0103 am evitat satisfacerea stagiului? Nu am de g\u00e2nd s\u0103 m\u0103 fac corespondent de r\u0103zboi, \u00eens\u0103 \u00eemi este foarte clar c\u0103 un jurnalist nu are mereu posibilitatea de a-\u015fi alege condi\u021biile de munc\u0103.<\/p>\n<p>Nu \u00een ultimul r\u00e2nd, acest curs reprezint\u0103 o ocazie rar\u0103 de a cunoa\u0219te via\u021ba de zi cu zi a personalului din Armata Rom\u00e2n\u0103 m\u0103car a\u0219a, pe fug\u0103. Jurnali\u0219tii participan\u021bi intr\u0103 \u00eentr-o cazarm\u0103, \u0219i li se ofer\u0103 oportunitatea de a \u00eenv\u0103\u021ba direct pe terenul de instruc\u021bie, de la militari cu experien\u021b\u0103 de r\u0103zboi, \u00een condi\u021bii similare cu cele de pe c\u00e2mpul de lupt\u0103.<\/p>\n<h2>Munca este mereu riscant\u0103 \u00een zonele de conflict<\/h2>\n<p>Cursuri de acest fel se organizeaz\u0103 \u00een mai multe \u021b\u0103ri membre NATO, \u0219i anume fiindc\u0103 rela\u021bia dintre jurnali\u0219ti \u0219i armat\u0103 \u2013 \u00een special \u00een zonele de conflict \u2013 nu este deloc lipsit\u0103 de tensiune.<\/p>\n<p>\u00cen condi\u021bii optime, jurnali\u0219tii se deplaseaz\u0103 pe cont propriu, independen\u021bi de for\u021bele militare, \u00eens\u0103 doar foarte pu\u021bine redac\u021bii din lume \u00ee\u0219i permit zborul, echipamentul de protec\u021bie, ma\u0219ina blindat\u0103, \u0219oferul, bodyguardul, interpretul.<\/p>\n<p>Prin urmare, se recurge la solu\u021bia mai pu\u021bin spectaculoas\u0103, dar mai ieftin\u0103: jurnali\u0219tii se al\u0103tur\u0103 uneia dintre for\u021bele prezente \u00een zona de conflict, cum ar veni, \u00een calitate de musafiri ai Armatei, \u0219i transmit astfel \u0219tirile de la fa\u021ba locului.<\/p>\n<p>Conform Conven\u021biilor de la Geneva, jurnali\u0219tii se consider\u0103 persoane independente, p\u0103r\u021bi neutre, iar dreptul lor la liber\u0103 circula\u021bie trebuie asigurat\u0103, dar este mereu o incertitudine \u00een ce m\u0103sur\u0103 se respect\u0103 acest lucru de c\u0103tre p\u0103r\u021bile implicate. Faptul c\u0103 jurnali\u0219tii c\u0103l\u0103toresc \u00eempreun\u0103 cu cei care lupt\u0103 nu este \u00een nici un caz un factor \u00een favoarea statutului independent.<\/p>\n<figure id=\"attachment_27606\" aria-describedby=\"caption-attachment-27606\" style=\"width: 800px\" class=\"wp-caption alignnone\"><img loading=\"lazy\" decoding=\"async\" class=\"size-full wp-image-27606\" src=\"https:\/\/atlatszo.ro\/wp-content\/uploads\/2019\/07\/65632892_2430309897203412_2386852590701772800_n-1.jpg\" alt=\"\" width=\"800\" height=\"600\" srcset=\"https:\/\/atlatszo.ro\/wp-content\/uploads\/2019\/07\/65632892_2430309897203412_2386852590701772800_n-1.jpg 800w, https:\/\/atlatszo.ro\/wp-content\/uploads\/2019\/07\/65632892_2430309897203412_2386852590701772800_n-1-300x225.jpg 300w, https:\/\/atlatszo.ro\/wp-content\/uploads\/2019\/07\/65632892_2430309897203412_2386852590701772800_n-1-295x222.jpg 295w, https:\/\/atlatszo.ro\/wp-content\/uploads\/2019\/07\/65632892_2430309897203412_2386852590701772800_n-1-768x576.jpg 768w, https:\/\/atlatszo.ro\/wp-content\/uploads\/2019\/07\/65632892_2430309897203412_2386852590701772800_n-1-750x563.jpg 750w\" sizes=\"(max-width: 800px) 100vw, 800px\" \/><figcaption id=\"caption-attachment-27606\" class=\"wp-caption-text\">Exers\u0103m tehnici de prim ajutor<\/figcaption><\/figure>\n<h2>Vrei s\u0103-\u021bi faci un selfie? Nu e o idee bun\u0103<\/h2>\n<p>Condi\u021biile men\u021bionate pot fi des surse de tensiune \u0219i din alte puncte de vedere: militarii din patrul\u0103 de exemplu nu sunt mereu \u00eenc\u00e2nta\u021bi dac\u0103 trebuie s\u0103 ia cu ei pe un jurnalist. \u201eTrebuie s\u0103 am grij\u0103 de o persoan\u0103 \u00een plus, care nu are arm\u0103 pentru cazul \u00een care se \u00eent\u00e2mpl\u0103 ceva\u201d \u2013 a explicat unul dintre militari.<\/p>\n<p>Jurnalistul de obicei nu este familiarizat nici cu regulile for\u0163elor armate, nu are experien\u021b\u0103 \u00een zona respectiv\u0103, \u0219i de prea multe ori este convins c\u0103 nu poate p\u0103\u021bi nimic.<\/p>\n<p>O problem\u0103 aparte este c\u0103 se aplic\u0103 reguli stricte \u00een c\u00e2nd vine vorba despre publicarea unor informa\u021bii \u00een leg\u0103tur\u0103 cu deplasarea for\u021belor armate. Aceste limit\u0103ri nu se aplic\u0103 neap\u0103rat pentru c\u0103 armata ar avea o activitate strict secret\u0103. Pur \u0219i simplu nu e dorit ca adversarul s\u0103 ajung\u0103 la anumite informa\u021bii care l-ar avantaja.<\/p>\n<p>De exemplu, este interzis\u0103 publicare informa\u021biilor despre traseul patrulei, num\u0103rul persoanelor participante sau echipamentul lor. Postezi un selfie \u00eenainte s\u0103 pleci cu patrula, \u0219i din neaten\u021bie dezv\u0103lui \u0219i \u00een ce direc\u021bie v\u0103 porni\u021bi? \u00cen timp ce \u00ee\u021bi numeri like-urile, este posibil ca rebelii s\u0103-\u0219i preg\u0103teasc\u0103 deja ambuscada.<\/p>\n<figure id=\"attachment_27609\" aria-describedby=\"caption-attachment-27609\" style=\"width: 800px\" class=\"wp-caption alignnone\"><img loading=\"lazy\" decoding=\"async\" class=\"size-full wp-image-27609\" src=\"https:\/\/atlatszo.ro\/wp-content\/uploads\/2019\/07\/65583614_2431636053737463_2271589373717774336_n-1.jpg\" alt=\"\" width=\"800\" height=\"533\" srcset=\"https:\/\/atlatszo.ro\/wp-content\/uploads\/2019\/07\/65583614_2431636053737463_2271589373717774336_n-1.jpg 800w, https:\/\/atlatszo.ro\/wp-content\/uploads\/2019\/07\/65583614_2431636053737463_2271589373717774336_n-1-300x200.jpg 300w, https:\/\/atlatszo.ro\/wp-content\/uploads\/2019\/07\/65583614_2431636053737463_2271589373717774336_n-1-768x512.jpg 768w, https:\/\/atlatszo.ro\/wp-content\/uploads\/2019\/07\/65583614_2431636053737463_2271589373717774336_n-1-750x500.jpg 750w\" sizes=\"(max-width: 800px) 100vw, 800px\" \/><figcaption id=\"caption-attachment-27609\" class=\"wp-caption-text\">\u00cenv\u0103\u0163\u0103m s\u0103 ne c\u0103\u0163\u0103r\u0103m pe st\u00e2nci<\/figcaption><\/figure>\n<p>Loca\u021bia cursului a fost satul s\u0103sesc Cincu (Gro\u00dfschenk), l\u00e2ng\u0103 localitate se afl\u0103 <a href=\"http:\/\/www.cnij.ro\/\" target=\"_blank\" rel=\"noopener noreferrer\">un poligon de instruc\u021bie<\/a> de 20.000 de hectare. \u00cen cazarma de l\u00e2ng\u0103 drum ni s-a oferit o cazare de confort spartan: \u00een blocurile alc\u0103tuite din containere camerele str\u00e2mte au fost mobilate cu paturi etajate \u0219i c\u00e2te un dul\u0103pior, f\u0103r\u0103 mese sau scaune.<\/p>\n<h2>Nu d\u0103m afar\u0103 pe nimeni, cei care pleac\u0103, renun\u021b\u0103 singuri<\/h2>\n<p>\u00cen containerele vecine locuiesc nou\u0103 militari din Batalionul 52 Opera\u021bii Speciale \u201eB\u0103neasa-Otopeni\u201d, ei vor participa la instruirea noastr\u0103.<\/p>\n<p>La \u00eenceput cele dou\u0103 grupuri se privesc cu curiozitate. Ei n-au mai v\u0103zut at\u00e2t de mul\u021bi jurnali\u0219ti \u00eempreun\u0103, iar noi n-am mai v\u0103zut militari din cadrul unit\u0103\u021bilor pentru opera\u021bii speciale. Atmosfera se relaxeaz\u0103 chiar \u00een prima zi, c\u00e2nd st\u0103m la o bere. Peste o s\u0103pt\u0103m\u00e2n\u0103 p\u0103linca de cas\u0103 se toarn\u0103 tuturor, \u0219i se danseaz\u0103 pe manele.<\/p>\n<p>Militarii duri, \u00eenarma\u021bi p\u00e2n\u0103 \u00een din\u021bi sunt ni\u0219te b\u0103ie\u021bi de treab\u0103 \u00een civil, care poart\u0103 cu m\u00e2ndrie ecusoanele FOS. \u015ei-au explorat \u015fi dep\u0103\u015fit limitele de at\u00e2tea ori, \u00eenc\u00e2t nu mai au nimic de dovedit la nimeni.<\/p>\n<p>For\u021bele speciale se deosebesc de celelalte specialit\u0103\u0163i deoarece membrii lor parcurg o prim\u0103 etap\u0103 de \u201eadmitere\u201d, adic\u0103 trec prin dou\u0103 luni extrem de solicitante din punct de vedere fizic \u0219i psihic \u00eenainte de a \u00eencepe preg\u0103tirea propriu-zis\u0103.<\/p>\n<p>De altfel, la aceast\u0103 admitere se poate \u00eenscrie oricine, chiar \u0219i civili, \u00eens\u0103 o absolv\u0103 foarte pu\u021bini.<\/p>\n<blockquote><p>\u201eDe aici noi nu d\u0103m afar\u0103 pe nimeni. Cei care pleac\u0103, renun\u021b\u0103 singuri c\u00e2nd \u00ee\u0219i dau seama c\u0103 nu este o via\u021b\u0103 pentru ei\u201d \u2013 spune misterios unul dintre ofi\u021berii responsabili pentru instructaj.<\/p><\/blockquote>\n<p>\u00cen momentul de fa\u021b\u0103, \u00een unit\u0103\u021bile de opera\u021bii speciale din Rom\u00e2nia nu au militari femei. Nu pentru c\u0103 n-ar angaja femei \u00een principiu, ci fiindc\u0103 cerin\u021bele la admitere sunt identice pentru femei \u0219i b\u0103rba\u021bi, \u0219i p\u00e2n\u0103 acum nici o candidat\u0103 nu a reu\u0219it s\u0103 treac\u0103 probele fizice. Ce-i drept, un militar \u0219tie chiar dou\u0103 femei care au fost foarte aproape de a absolvi aceste probe.<\/p>\n<figure id=\"attachment_27612\" aria-describedby=\"caption-attachment-27612\" style=\"width: 800px\" class=\"wp-caption alignnone\"><img loading=\"lazy\" decoding=\"async\" class=\"size-full wp-image-27612\" src=\"https:\/\/atlatszo.ro\/wp-content\/uploads\/2019\/07\/65581462_2431635167070885_5964983943714308096_n-1.jpg\" alt=\"\" width=\"800\" height=\"533\" srcset=\"https:\/\/atlatszo.ro\/wp-content\/uploads\/2019\/07\/65581462_2431635167070885_5964983943714308096_n-1.jpg 800w, https:\/\/atlatszo.ro\/wp-content\/uploads\/2019\/07\/65581462_2431635167070885_5964983943714308096_n-1-300x200.jpg 300w, https:\/\/atlatszo.ro\/wp-content\/uploads\/2019\/07\/65581462_2431635167070885_5964983943714308096_n-1-768x512.jpg 768w, https:\/\/atlatszo.ro\/wp-content\/uploads\/2019\/07\/65581462_2431635167070885_5964983943714308096_n-1-750x500.jpg 750w\" sizes=\"(max-width: 800px) 100vw, 800px\" \/><figcaption id=\"caption-attachment-27612\" class=\"wp-caption-text\">Cei de la Batalionul 52 Opera\u021bii Speciale \u201eB\u0103neasa-Otopeni\u201d ne arat\u0103 cum se retrag, tr\u0103g\u00e2nd \u00een continuu, dac\u0103 sunt ataca\u0163i<\/figcaption><\/figure>\n<h2>Munca \u00een echip\u0103 este cheia succesului<\/h2>\n<p>Cei care absolv\u0103 \u0219i celebra \u201ehell week\u201d, pot \u00eencepe antrenamentul propriu-zis. Cineva poate fi membru cu drepturi depline al for\u021belor de opera\u021bii speciale doar dup\u0103 completarea unui num\u0103r de module. Pe l\u00e2ng\u0103 diferite tehnici de lupt\u0103, se \u00eenva\u021b\u0103 utilizarea unor categorii de tehnic\u0103 \u0219i armament, \u0219i fiecare se specializeaz\u0103 \u00eentr-un anumit domeniu.<\/p>\n<p>Un grup este alc\u0103tuit din nou\u0103 persoane, \u0219i fiecare grup are membri specializa\u021bi de exemplu \u00een prim ajutor, comunicare prin satelit sau materiale explozive. Astfel grupul este capabil s\u0103 lucreze independent, \u0219i s\u0103 efectueze misiuni chiar \u0219i pe teritoriu str\u0103in, \u00een condi\u021bii vitrege.<\/p>\n<p>Din cauza situa\u021biilor imprevizibile \u0219i interdependen\u021bei membrilor, lucrul \u00een echip\u0103 este esen\u021bial. Am aflat c\u0103 pe parcursul preg\u0103tirii recru\u021bii trebuie s\u0103 completeze din c\u00e2nd \u00een c\u00e2nd chestionare, numind colegii cu cei care \u00eei place cel mai mult s\u0103 lucreze \u00eempreun\u0103. Persoana cel mai pu\u021bin popular\u0103 va fi eliminat\u0103, indiferent de performan\u021ba ei \u00een alte domenii.<\/p>\n<p>Solda\u021bii care au fost al\u0103turi de noi la curs au servit de mai multe ori \u00een Afganistan, iar \u00een prezent particip\u0103 la misiunea <a href=\"https:\/\/rs.nato.int\/\" target=\"_blank\" rel=\"noopener noreferrer\">Resolute Support<\/a>, care se ocup\u0103 de preg\u0103tirea \u0219i sus\u021binerea for\u021belor armate din Afganistan, armat\u0103 \u0219i poli\u021bie.<\/p>\n<figure id=\"attachment_27615\" aria-describedby=\"caption-attachment-27615\" style=\"width: 800px\" class=\"wp-caption alignnone\"><img loading=\"lazy\" decoding=\"async\" class=\"size-full wp-image-27615\" src=\"https:\/\/atlatszo.ro\/wp-content\/uploads\/2019\/07\/66021258_2431635047070897_8310983187748618240_n-1.jpg\" alt=\"\" width=\"800\" height=\"533\" srcset=\"https:\/\/atlatszo.ro\/wp-content\/uploads\/2019\/07\/66021258_2431635047070897_8310983187748618240_n-1.jpg 800w, https:\/\/atlatszo.ro\/wp-content\/uploads\/2019\/07\/66021258_2431635047070897_8310983187748618240_n-1-300x200.jpg 300w, https:\/\/atlatszo.ro\/wp-content\/uploads\/2019\/07\/66021258_2431635047070897_8310983187748618240_n-1-768x512.jpg 768w, https:\/\/atlatszo.ro\/wp-content\/uploads\/2019\/07\/66021258_2431635047070897_8310983187748618240_n-1-750x500.jpg 750w\" sizes=\"(max-width: 800px) 100vw, 800px\" \/><figcaption id=\"caption-attachment-27615\" class=\"wp-caption-text\">Tragem la \u0163int\u0103 \u00een poligon<\/figcaption><\/figure>\n<h2>Afganii \u00ee\u0219i atac\u0103 instructorii<\/h2>\n<p>Cu toate c\u0103 participan\u021bii misiunii nu sunt implica\u021bi direct \u00een lupt\u0103, \u0219i teoretic orice interven\u021bie este sarcina for\u0163elor armate locale, aceasta nu este deloc o munc\u0103 lini\u0219tit\u0103. \u00cen Afganistan institu\u021biile statului nu prea func\u021bioneaz\u0103, \u0219i totul este p\u0103truns de corup\u021bie: echipamentul for\u021belor armate afgane este slab, militarii nu-\u0219i primesc constant salariul, de aceea nu sunt foarte motiva\u021bi \u0219i dezerteaz\u0103 des.<\/p>\n<p>Cea mai mare problem\u0103 nu este \u00eens\u0103 asta, ci faptul c\u0103 de c\u00e2\u021biva ani rebelii se infiltreaz\u0103 \u00een unit\u0103\u021bile for\u021belor armate, iar dup\u0103 ce NATO le ofer\u0103 antrenament \u0219i echipament, ei \u00ee\u0219i atac\u0103 instructorii. \u00cen mai 2016 Batalionul 52 <a href=\"https:\/\/www.stripes.com\/news\/3-afghans-arrested-in-insider-attack-that-killed-romanian-soldiers-1.408733\" target=\"_blank\" rel=\"noopener noreferrer\">a pierdut\u00a0<\/a><a href=\"https:\/\/www.stripes.com\/news\/3-afghans-arrested-in-insider-attack-that-killed-romanian-soldiers-1.408733\" target=\"_blank\" rel=\"noopener noreferrer\">doi <\/a><a href=\"https:\/\/www.stripes.com\/news\/3-afghans-arrested-in-insider-attack-that-killed-romanian-soldiers-1.408733\" target=\"_blank\" rel=\"noopener noreferrer\">militari \u00eentr-un asemenea atac<\/a>, \u0219i \u00eenc\u0103 unul a fost r\u0103nit.<\/p>\n<blockquote><p>\u201eE greu s\u0103 avem \u00eencredere \u00een afgani dup\u0103 cele \u00eent\u00e2mplate. Suntem precau\u021bi, \u00eencerc\u0103m s\u0103-i cunoa\u0219tem \u0219i personal pe cei care-i antren\u0103m, dar sunt cazuri c\u00e2nd de exemplu familia lor este amenin\u021bat\u0103, c\u00e2nd sunt \u0219antaja\u021bi. Rebelii le spun c\u0103 dac\u0103 ei s\u0103v\u00e2r\u0219esc atacul, familia lor va fi \u00een siguran\u021b\u0103 sau chiar li se ofer\u0103 un venit lunar\u201d \u2013 a povestit unul dintre militari.<\/p><\/blockquote>\n<p>Cei din Batalionul 52 nu se laud\u0103 cu aventurile lor: ne r\u0103spund la \u00eentreb\u0103ri cu obiectivitate, nu se str\u0103duiesc s\u0103 relateze mai colorat \u00eent\u00e2mpl\u0103rile. Din c\u00e2nd \u00een c\u00e2nd auzim pove\u0219ti diferite: cum e s\u0103 te scufunzi \u00een Marea Neagr\u0103 \u00een februarie, cum e s\u0103 patrulezi \u0219tiind c\u0103 pe acoperi\u0219urile din apropiere se afl\u0103 un tr\u0103g\u0103tor de elit\u0103.<\/p>\n<h2>Echipament cump\u0103rat din bani proprii<\/h2>\n<p>Militarii se bucur\u0103 dac\u0103 v\u0103d copii \u00een jurul lor, fiindc\u0103 atunci e mai pu\u021bin probabil ca \u00een apropiere s\u0103 fie instalat un dispozitiv exploziv. Ce-i drept, exist\u0103 \u00eens\u0103 \u0219i cazuri contrare: o dat\u0103 bomba a fost legat\u0103 de br\u00e2ul unui pu\u0219ti, \u00ee\u0219i aduc aminte militarii.<\/p>\n<p>Vorbesc \u0219i despre faptul c\u0103 Armata Rom\u00e2n\u0103 asigur\u0103 echipament, dar acesta nu este tocmai potrivit. De aceea militarii prefer\u0103 s\u0103 achizi\u021bioneze din banii proprii vest\u0103 antiglon\u021b mai u\u0219oar\u0103, care este relativ mai rezistent\u0103, c\u0103\u0219ti mai bune, bocanci impermeabili sau saci de dormit de calitate, c\u0103lduro\u0219i \u0219i \u00een timpul iernii din Afganistan.<\/p>\n<figure id=\"attachment_27618\" aria-describedby=\"caption-attachment-27618\" style=\"width: 800px\" class=\"wp-caption alignnone\"><img loading=\"lazy\" decoding=\"async\" class=\"size-full wp-image-27618\" src=\"https:\/\/atlatszo.ro\/wp-content\/uploads\/2019\/07\/65854376_2430535063847562_1400891312592388096_n-1.jpg\" alt=\"\" width=\"800\" height=\"600\" srcset=\"https:\/\/atlatszo.ro\/wp-content\/uploads\/2019\/07\/65854376_2430535063847562_1400891312592388096_n-1.jpg 800w, https:\/\/atlatszo.ro\/wp-content\/uploads\/2019\/07\/65854376_2430535063847562_1400891312592388096_n-1-300x225.jpg 300w, https:\/\/atlatszo.ro\/wp-content\/uploads\/2019\/07\/65854376_2430535063847562_1400891312592388096_n-1-295x222.jpg 295w, https:\/\/atlatszo.ro\/wp-content\/uploads\/2019\/07\/65854376_2430535063847562_1400891312592388096_n-1-768x576.jpg 768w, https:\/\/atlatszo.ro\/wp-content\/uploads\/2019\/07\/65854376_2430535063847562_1400891312592388096_n-1-750x563.jpg 750w\" sizes=\"(max-width: 800px) 100vw, 800px\" \/><figcaption id=\"caption-attachment-27618\" class=\"wp-caption-text\">Folosirea h\u0103r\u0163ii \u015fi a busolei nu mai este la mod\u0103, dar poate fi foarte util\u0103<\/figcaption><\/figure>\n<p>Poate c\u0103 via\u021ba lor pare romantic\u0103 din exterior, dar din c\u00e2te o fraz\u0103 care le scap\u0103 devine foarte clar c\u0103 nu prea au timp pentru familie, via\u021b\u0103 privat\u0103. Jum\u0103tate de an este din start petrecut\u0103 \u00een Afganistan, iar cealalt\u0103 jum\u0103tate este folosit\u0103 pentru a parcurge diferite stagii de preg\u0103tire. Copilul unui militar a \u00eemplinit deja trei luni p\u00e2n\u0103 c\u00e2nd el a ajuns acas\u0103 s\u0103-l vad\u0103, dar nici atunci nu s-a putut bucura de concediu, deoarece a doua zi trebuia deja s\u0103 se prezinte la un curs.<\/p>\n<h2>Simulare c\u00e2t se poate de verosimil\u0103<\/h2>\n<p>Revenind la cursul nostru: punctul culminant al s\u0103pt\u0103m\u00e2nii a fost un exerci\u021biu de 24 de ore, c\u00e2nd \u2013 cu cea mai mare verosimilitate \u00een limita condi\u021biilor \u2013 am simulat o misiune \u0219i o patrul\u0103 din Afganistan. De\u0219i garnizoana imaginar\u0103 afgan\u0103 se afla la doar zece minute de la cazarm\u0103, organizatorii chiar au depus un efort \u00een simula\u021bie, ceea ce arat\u0103 c\u0103 au luat \u00een serios exerci\u021biul.<\/p>\n<figure id=\"attachment_27621\" aria-describedby=\"caption-attachment-27621\" style=\"width: 800px\" class=\"wp-caption alignnone\"><img loading=\"lazy\" decoding=\"async\" class=\"size-full wp-image-27621\" src=\"https:\/\/atlatszo.ro\/wp-content\/uploads\/2019\/07\/65911190_2432386446995757_4236145141900902400_n-1.jpg\" alt=\"\" width=\"800\" height=\"533\" srcset=\"https:\/\/atlatszo.ro\/wp-content\/uploads\/2019\/07\/65911190_2432386446995757_4236145141900902400_n-1.jpg 800w, https:\/\/atlatszo.ro\/wp-content\/uploads\/2019\/07\/65911190_2432386446995757_4236145141900902400_n-1-300x200.jpg 300w, https:\/\/atlatszo.ro\/wp-content\/uploads\/2019\/07\/65911190_2432386446995757_4236145141900902400_n-1-768x512.jpg 768w, https:\/\/atlatszo.ro\/wp-content\/uploads\/2019\/07\/65911190_2432386446995757_4236145141900902400_n-1-750x500.jpg 750w\" sizes=\"(max-width: 800px) 100vw, 800px\" \/><figcaption id=\"caption-attachment-27621\" class=\"wp-caption-text\">Zbur\u0103m \u00een &#8222;Afganistan&#8221; cu un avion de transport militar<\/figcaption><\/figure>\n<p>La \u00eenceput am c\u0103l\u0103torit cu autobuzul la aeroportul militar din Luna, de unde am mers o tur\u0103 cu avionul de transport <a href=\"http:\/\/www.roaf.ro\/?page_id=2114\" target=\"_blank\" rel=\"noopener noreferrer\">C-27 J Spartan<\/a>. Ajung\u00e2nd asupra poligonului de instruc\u021bie din Cincu, membrii unit\u0103\u021bii de opera\u021bii speciale care ne-au \u00eenso\u021bit au p\u0103r\u0103sit avionul cu para\u0219ute, iar Spartanul s-a \u00eentors la Luna. Asta a fost sosirea noastr\u0103 simulat\u0103 \u00een Afganistan.<\/p>\n<p>De aici am continuat c\u0103l\u0103toria imaginar\u0103 cu elicoptere <a href=\"http:\/\/www.roaf.ro\/?page_id=2237\" target=\"_blank\" rel=\"noopener noreferrer\">IAR-330 Puma SOCAT<\/a>, zbur\u00e2nd din Luna \u00eenapoi la poligon. A lua elicopterul este probabil cel mai luxos mod de a te deplasa, \u00eens\u0103 organizatorii au avut grij\u0103 s\u0103 nu ne sim\u021bim prea comozi: ultimii kilometri p\u00e2n\u0103 la tab\u0103r\u0103 le-am f\u0103cut pe platoul \u015fubred al unui camion, \u00eenghesuindu-ne pe para\u0219ute vechi, sufoca\u021bi de praf.<\/p>\n<figure id=\"attachment_27624\" aria-describedby=\"caption-attachment-27624\" style=\"width: 800px\" class=\"wp-caption alignnone\"><img loading=\"lazy\" decoding=\"async\" class=\"size-full wp-image-27624\" src=\"https:\/\/atlatszo.ro\/wp-content\/uploads\/2019\/07\/66382739_2432386750329060_4755808443523137536_n-1.jpg\" alt=\"\" width=\"800\" height=\"533\" srcset=\"https:\/\/atlatszo.ro\/wp-content\/uploads\/2019\/07\/66382739_2432386750329060_4755808443523137536_n-1.jpg 800w, https:\/\/atlatszo.ro\/wp-content\/uploads\/2019\/07\/66382739_2432386750329060_4755808443523137536_n-1-300x200.jpg 300w, https:\/\/atlatszo.ro\/wp-content\/uploads\/2019\/07\/66382739_2432386750329060_4755808443523137536_n-1-768x512.jpg 768w, https:\/\/atlatszo.ro\/wp-content\/uploads\/2019\/07\/66382739_2432386750329060_4755808443523137536_n-1-750x500.jpg 750w\" sizes=\"(max-width: 800px) 100vw, 800px\" \/><figcaption id=\"caption-attachment-27624\" class=\"wp-caption-text\">Zborul cu elicopterul e o experien\u0163\u0103 unic\u0103<\/figcaption><\/figure>\n<h2>Plictiseal\u0103 c\u00e2t cuprinde, panic\u0103 c\u00e2t ai clipi<\/h2>\n<p>\u00cen aceast\u0103 tab\u0103r\u0103 a\u0219tept\u0103m s\u0103 plec\u0103m \u00een patrul\u0103 dup\u0103 l\u0103satul serii. Ce se \u00eent\u00e2mpl\u0103 \u00eentr-o asemenea tab\u0103r\u0103? La fel ca \u00een realitate, absolut nimic: fiecare \u00ee\u0219i caut\u0103 un loc la umbr\u0103 s\u0103 se \u00eentind\u0103, \u0219i a\u0219teapt\u0103 s\u0103 se \u00eent\u00e2mple ceva, consol\u00e2ndu-se cu g\u00e2ndul c\u0103 \u00een Afganistan este probabil mult, mult mai cald.<\/p>\n<p>A\u0219a, st\u00e2nd pe Facebook, ne surprinde primul atac. \u00cencepe cu zgomotul armelor de foc, apoi r\u0103sun\u0103 alarma, c\u00e2nd toat\u0103 lumea trebuie s\u0103 se arunce pe burt\u0103. Trebuie s\u0103 r\u0103m\u00e2nem \u00een aceast\u0103 pozi\u021bie dou\u0103 minute, \u0219i dup\u0103 aceea o lu\u0103m spre bunc\u0103r, iar \u00een jurul nostru lupta e \u00een toi \u00eentre militarii care ap\u0103r\u0103 tab\u0103ra \u0219i cei ascun\u0219i prin p\u0103dure. Nu dureaz\u0103 mai mult de c\u00e2teva minute, dup\u0103 care se las\u0103 iar lini\u0219tea absolut\u0103.<\/p>\n<figure id=\"attachment_27627\" aria-describedby=\"caption-attachment-27627\" style=\"width: 800px\" class=\"wp-caption alignnone\"><img loading=\"lazy\" decoding=\"async\" class=\"size-full wp-image-27627\" src=\"https:\/\/atlatszo.ro\/wp-content\/uploads\/2019\/07\/65936346_2432576056976796_6188435501393903616_n-1.jpg\" alt=\"\" width=\"800\" height=\"600\" srcset=\"https:\/\/atlatszo.ro\/wp-content\/uploads\/2019\/07\/65936346_2432576056976796_6188435501393903616_n-1.jpg 800w, https:\/\/atlatszo.ro\/wp-content\/uploads\/2019\/07\/65936346_2432576056976796_6188435501393903616_n-1-300x225.jpg 300w, https:\/\/atlatszo.ro\/wp-content\/uploads\/2019\/07\/65936346_2432576056976796_6188435501393903616_n-1-295x222.jpg 295w, https:\/\/atlatszo.ro\/wp-content\/uploads\/2019\/07\/65936346_2432576056976796_6188435501393903616_n-1-768x576.jpg 768w, https:\/\/atlatszo.ro\/wp-content\/uploads\/2019\/07\/65936346_2432576056976796_6188435501393903616_n-1-750x563.jpg 750w\" sizes=\"(max-width: 800px) 100vw, 800px\" \/><figcaption id=\"caption-attachment-27627\" class=\"wp-caption-text\">Tab\u0103ra noastr\u0103 a fost atacat\u0103<\/figcaption><\/figure>\n<p>Dup\u0103 apusul soarelui pornim \u00een patrul\u0103. Convoiul nostru este alc\u0103tuit din trei ma\u0219ini blindate, de fabrica\u021bie rom\u00e2neasc\u0103 (BTR-80, <a href=\"http:\/\/www.military-today.com\/apc\/b33_zimbru.htm\" target=\"_blank\" rel=\"noopener noreferrer\">B33 Zimbru<\/a>). Se pare c\u0103 la aceste vehicule din anii 80 inginerii sovietici s-au str\u0103duit \u00een mod special ca spa\u021biul oricum str\u00e2mt s\u0103 fie c\u00e2t se poate de incomod. Ne \u00eenghesuim pe b\u0103ncile de metal, nu-mi \u00eencap picioarele, instrumentele at\u00e2rn\u0103 din toate p\u0103r\u021bile \u0219i ne lovim cu capul de ele \u00een timp ce ne cl\u0103tin\u0103m prin drumurile neasfaltate. Noroc c\u0103 purtarea c\u0103\u0219tilor este obligatorie.<\/p>\n<h2>Nu se vede nimic, dar m\u0103car cedeaz\u0103 mitraliera<\/h2>\n<p>\u00cen plus, nu se vede mai nimic: prin periscop te po\u021bi uita spre afar\u0103, dar e bezn\u0103. Afl\u00e2ndu-ne pe teritoriu inamic, ni se ordon\u0103 s\u0103 p\u0103str\u0103m toate orificiile \u00eenchise, a\u0219a c\u0103 se termin\u0103 repede \u0219i aerul.<\/p>\n<p>Din punct de vedere jurnalistic, singurul eveniment demn de men\u021bionat este faptul c\u0103 mitraliera de 14,5 mm cedeaz\u0103 dup\u0103 c\u00e2teva focuri. Ne g\u00e2ndim cu compasiune la militarii care au patrulat cu aceste vehicule \u00een Afganistan cu doar c\u00e2\u021biva ani \u00een urm\u0103. Vestea bun\u0103 e c\u0103 B33-urile au fost \u00eentre timp \u00eenlocuite cu MRAP-uri americane care \u2013 \u00een opinia solda\u021bilor al\u0103turi de noi \u2013 \u00eenseamn\u0103 o nou\u0103 dimensiune.<\/p>\n<figure id=\"attachment_27630\" aria-describedby=\"caption-attachment-27630\" style=\"width: 800px\" class=\"wp-caption alignnone\"><img loading=\"lazy\" decoding=\"async\" class=\"size-full wp-image-27630\" src=\"https:\/\/atlatszo.ro\/wp-content\/uploads\/2019\/07\/66131795_2433012023599866_8949326520342544384_n-1.jpg\" alt=\"\" width=\"800\" height=\"533\" srcset=\"https:\/\/atlatszo.ro\/wp-content\/uploads\/2019\/07\/66131795_2433012023599866_8949326520342544384_n-1.jpg 800w, https:\/\/atlatszo.ro\/wp-content\/uploads\/2019\/07\/66131795_2433012023599866_8949326520342544384_n-1-300x200.jpg 300w, https:\/\/atlatszo.ro\/wp-content\/uploads\/2019\/07\/66131795_2433012023599866_8949326520342544384_n-1-768x512.jpg 768w, https:\/\/atlatszo.ro\/wp-content\/uploads\/2019\/07\/66131795_2433012023599866_8949326520342544384_n-1-750x500.jpg 750w\" sizes=\"(max-width: 800px) 100vw, 800px\" \/><figcaption id=\"caption-attachment-27630\" class=\"wp-caption-text\">Ne familiariz\u0103m cu transportoarele blindate<\/figcaption><\/figure>\n<p>Convoiul nostru ajunge acas\u0103 bine, dar tura de dup\u0103 noi nu este la fel de norocoas\u0103: rebelii atac\u0103 patrula, lu\u00e2nd patru ostatici din r\u00e2ndul jurnali\u0219tilor. Ei sunt interoga\u021bi \u00een repetate r\u00e2nduri de c\u0103tre militarii deghiza\u021bi \u00een rebeli afgani. Fetele au suportat stresul mult mai bine dec\u00e2t b\u0103ie\u021bii, \u0219i asta e valabil \u0219i \u00een general, ne m\u0103rturisesc cei din Batalionul 52.<\/p>\n<p>A doua zi ostaticii sunt elibera\u021bi printr-o ambuscad\u0103 demn\u0103 de un film de ac\u021biune: rebelii sunt elimina\u021bi \u00een doar c\u00e2teva secunde de c\u0103tre unit\u0103\u021bile speciale care ajung cu elicopter, \u0219i apoi detoneaz\u0103 u\u0219a cl\u0103dirii \u0219i scot colegii care poart\u0103 vesta albastr\u0103 cu inscrip\u021bia \u201ePress\u201d, vizibil\u0103 de la distan\u021b\u0103.<\/p>\n<figure id=\"attachment_27633\" aria-describedby=\"caption-attachment-27633\" style=\"width: 800px\" class=\"wp-caption alignnone\"><img loading=\"lazy\" decoding=\"async\" class=\"size-full wp-image-27633\" src=\"https:\/\/atlatszo.ro\/wp-content\/uploads\/2019\/07\/65814379_2433009966933405_1873830511109996544_n-1.jpg\" alt=\"\" width=\"800\" height=\"600\" srcset=\"https:\/\/atlatszo.ro\/wp-content\/uploads\/2019\/07\/65814379_2433009966933405_1873830511109996544_n-1.jpg 800w, https:\/\/atlatszo.ro\/wp-content\/uploads\/2019\/07\/65814379_2433009966933405_1873830511109996544_n-1-300x225.jpg 300w, https:\/\/atlatszo.ro\/wp-content\/uploads\/2019\/07\/65814379_2433009966933405_1873830511109996544_n-1-295x222.jpg 295w, https:\/\/atlatszo.ro\/wp-content\/uploads\/2019\/07\/65814379_2433009966933405_1873830511109996544_n-1-768x576.jpg 768w, https:\/\/atlatszo.ro\/wp-content\/uploads\/2019\/07\/65814379_2433009966933405_1873830511109996544_n-1-750x563.jpg 750w\" sizes=\"(max-width: 800px) 100vw, 800px\" \/><figcaption id=\"caption-attachment-27633\" class=\"wp-caption-text\">Briefing scurt \u00eenainte s\u0103 plec\u0103m \u00een patrul\u0103<\/figcaption><\/figure>\n<p>Timp de o s\u0103pt\u0103m\u00e2n\u0103 ne-am obi\u015fnuit s\u0103 ne mi\u015fc\u0103m \u00een vest\u0103 antiglon\u0163 \u015fi casc\u0103 de protec\u0163ie, am v\u0103zut cum se acord\u0103 primul ajutor \u00een cazul unei pl\u0103gi \u00eempu\u015fcate \u015fi cum se opre\u015fte s\u00e2ngerarea prin aplicarea garoului. Ne-am c\u0103\u0163\u0103rat pe st\u00e2nci \u015fi am cobor\u00e2t \u00een rapel, ni s-a ar\u0103tat cum explodeaz\u0103 TNT, am \u00eenv\u0103\u0163at s\u0103 ne orient\u0103m cu harta \u015fi busola, cum putem face rost de ap\u0103 acolo unde aparent nu exist\u0103 \u015fi am gustat m\u00e2ncarea uscat\u0103 pe care o au militarii de la FOS.<\/p>\n<p>Am \u00eencercat armele folosite de ei, am tras la \u0163int\u0103 cu pistolul \u015fi cu \u201e\u0163eava lung\u0103\u201d, am zburat cu elicopterul \u015fi avionul, am \u00eencercat dispozitivul de vedere pe timp de noapte, \u015fi am \u00eenv\u0103\u0163at c\u00e2te ceva despre ce se \u00eent\u00e2mpl\u0103 cu ostaticii.<\/p>\n<p>La ce ne-ar putea folosi \u00eentr-o situa\u021bie real\u0103 ceea ce am \u00eenv\u0103\u021bat c\u00e2t de c\u00e2t \u00een s\u0103pt\u0103m\u00e2na aceast\u0103 de curs? Un militar ne lini\u0219te\u0219te z\u00e2mbind: \u201eDac\u0103 e\u0219ti cu noi \u0219i sunt probleme, oricum te punem pe sol, cu burta \u00een jos.\u201d<\/p>\n<p>\u00cemi doresc foarte mult s\u0103 nu fie niciodat\u0103 probleme.<\/p>\n<p><strong>Traducere: Orsolya Andr\u00e1s<\/strong><\/p>\n<p><em>Pe poza de deschidere participan\u0163ii \u00eencearc\u0103 m\u0103\u015ftile de gaze. Foto: Roxana Davidovits\/MAPN<\/em><\/p>\n","protected":false},"excerpt":{"rendered":"<p>Am petrecut o s\u0103pt\u0103m\u00e2n\u0103 la cursul pentru jurnali\u015ftii care transmit din zone de conflict organizat de Ministerul Ap\u0103r\u0103rii Na\u0163ionale: am \u00eenv\u0103\u021bat tehnici de supravie\u021buire de la militarii For\u021belor pentru Opera\u021bii Speciale care au fost \u0219i \u00een Afganistan. Respiri ap\u0103sat, ai vederea \u00eence\u021bo\u0219at\u0103 \u0219i mi\u0219c\u0103rile grele, de fapt ar trebui s\u0103 alergi, dar nu e\u0219ti \u00een [&hellip;]<\/p>\n","protected":false},"author":7,"featured_media":27599,"comment_status":"closed","ping_status":"closed","sticky":false,"template":"","format":"standard","meta":{"footnotes":""},"categories":[25],"tags":[1426,1428,1427,1430,1425,1429],"ppma_author":[2992],"yoast_head":"<!-- This site is optimized with the Yoast SEO plugin v21.5 - https:\/\/yoast.com\/wordpress\/plugins\/seo\/ -->\n<title>Jurnali\u015fti \u00een vest\u0103 antiglon\u0163 - \u00c1tl\u00e1tsz\u00f3 Erd\u00e9ly<\/title>\n<meta name=\"robots\" content=\"index, follow, max-snippet:-1, max-image-preview:large, max-video-preview:-1\" \/>\n<link rel=\"canonical\" href=\"https:\/\/atlatszo.ro\/ro\/romana\/jurnalisti-in-vesta-antiglont\/\" \/>\n<meta property=\"og:locale\" content=\"ro_RO\" \/>\n<meta property=\"og:type\" content=\"article\" \/>\n<meta property=\"og:title\" content=\"Jurnali\u015fti \u00een vest\u0103 antiglon\u0163 - \u00c1tl\u00e1tsz\u00f3 Erd\u00e9ly\" \/>\n<meta property=\"og:description\" content=\"Am petrecut o s\u0103pt\u0103m\u00e2n\u0103 la cursul pentru jurnali\u015ftii care transmit din zone de conflict organizat de Ministerul Ap\u0103r\u0103rii Na\u0163ionale: am \u00eenv\u0103\u021bat tehnici de supravie\u021buire de la militarii For\u021belor pentru Opera\u021bii Speciale care au fost \u0219i \u00een Afganistan. Respiri ap\u0103sat, ai vederea \u00eence\u021bo\u0219at\u0103 \u0219i mi\u0219c\u0103rile grele, de fapt ar trebui s\u0103 alergi, dar nu e\u0219ti \u00een [&hellip;]\" \/>\n<meta property=\"og:url\" content=\"https:\/\/atlatszo.ro\/ro\/romana\/jurnalisti-in-vesta-antiglont\/\" \/>\n<meta property=\"og:site_name\" content=\"\u00c1tl\u00e1tsz\u00f3 Erd\u00e9ly\" \/>\n<meta property=\"article:publisher\" content=\"https:\/\/www.facebook.com\/atlatszoerdely\/\" \/>\n<meta property=\"article:published_time\" content=\"2019-07-23T08:24:43+00:00\" \/>\n<meta property=\"article:modified_time\" content=\"2019-11-01T07:18:42+00:00\" \/>\n<meta property=\"og:image\" content=\"https:\/\/atlatszo.ro\/wp-content\/uploads\/2019\/07\/65531339_2430907420476993_4186244764451995648_n-1.jpg\" \/>\n\t<meta property=\"og:image:width\" content=\"800\" \/>\n\t<meta property=\"og:image:height\" content=\"533\" \/>\n\t<meta property=\"og:image:type\" content=\"image\/jpeg\" \/>\n<meta name=\"author\" content=\"Sipos Zolt\u00e1n\" \/>\n<meta name=\"twitter:card\" content=\"summary_large_image\" \/>\n<meta name=\"twitter:creator\" content=\"@erdely_atlatszo\" \/>\n<meta name=\"twitter:site\" content=\"@erdely_atlatszo\" \/>\n<meta name=\"twitter:label1\" content=\"Scris de\" \/>\n\t<meta name=\"twitter:data1\" content=\"Sipos Zolt\u00e1n\" \/>\n\t<meta name=\"twitter:label2\" content=\"Timp estimat pentru citire\" \/>\n\t<meta name=\"twitter:data2\" content=\"15 minute\" \/>\n<script type=\"application\/ld+json\" class=\"yoast-schema-graph\">{\"@context\":\"https:\/\/schema.org\",\"@graph\":[{\"@type\":\"Article\",\"@id\":\"https:\/\/atlatszo.ro\/ro\/romana\/jurnalisti-in-vesta-antiglont\/#article\",\"isPartOf\":{\"@id\":\"https:\/\/atlatszo.ro\/ro\/romana\/jurnalisti-in-vesta-antiglont\/\"},\"author\":{\"name\":\"Sipos Zolt\u00e1n\",\"@id\":\"https:\/\/prod2.atlatszo.exot.hu\/en\/#\/schema\/person\/ee224e1443a0476a9a599098fac5507f\"},\"headline\":\"Jurnali\u015fti \u00een vest\u0103 antiglon\u0163\",\"datePublished\":\"2019-07-23T08:24:43+00:00\",\"dateModified\":\"2019-11-01T07:18:42+00:00\",\"mainEntityOfPage\":{\"@id\":\"https:\/\/atlatszo.ro\/ro\/romana\/jurnalisti-in-vesta-antiglont\/\"},\"wordCount\":3027,\"publisher\":{\"@id\":\"https:\/\/prod2.atlatszo.exot.hu\/en\/#organization\"},\"keywords\":[\"Armata Rom\u00e2n\u0103\",\"Batalionul 52 Opera\u021bii Speciale \u201eB\u0103neasa-Otopeni\u201d\",\"Centrul Na\u0163ional de Instruire \u00centrunit\u0103 \\\"Getica\\\"\",\"Cincu\",\"jurnali\u0219ti care transmit din zone de conflict\",\"MAPN\"],\"articleSection\":[\"Rom\u00e2n\u0103\"],\"inLanguage\":\"ro-RO\"},{\"@type\":\"WebPage\",\"@id\":\"https:\/\/atlatszo.ro\/ro\/romana\/jurnalisti-in-vesta-antiglont\/\",\"url\":\"https:\/\/atlatszo.ro\/ro\/romana\/jurnalisti-in-vesta-antiglont\/\",\"name\":\"Jurnali\u015fti \u00een vest\u0103 antiglon\u0163 - \u00c1tl\u00e1tsz\u00f3 Erd\u00e9ly\",\"isPartOf\":{\"@id\":\"https:\/\/prod2.atlatszo.exot.hu\/en\/#website\"},\"datePublished\":\"2019-07-23T08:24:43+00:00\",\"dateModified\":\"2019-11-01T07:18:42+00:00\",\"breadcrumb\":{\"@id\":\"https:\/\/atlatszo.ro\/ro\/romana\/jurnalisti-in-vesta-antiglont\/#breadcrumb\"},\"inLanguage\":\"ro-RO\",\"potentialAction\":[{\"@type\":\"ReadAction\",\"target\":[\"https:\/\/atlatszo.ro\/ro\/romana\/jurnalisti-in-vesta-antiglont\/\"]}]},{\"@type\":\"BreadcrumbList\",\"@id\":\"https:\/\/atlatszo.ro\/ro\/romana\/jurnalisti-in-vesta-antiglont\/#breadcrumb\",\"itemListElement\":[{\"@type\":\"ListItem\",\"position\":1,\"name\":\"Home\",\"item\":\"https:\/\/atlatszo.ro\/ro\/\"},{\"@type\":\"ListItem\",\"position\":2,\"name\":\"Jurnali\u015fti \u00een vest\u0103 antiglon\u0163\"}]},{\"@type\":\"WebSite\",\"@id\":\"https:\/\/prod2.atlatszo.exot.hu\/en\/#website\",\"url\":\"https:\/\/prod2.atlatszo.exot.hu\/en\/\",\"name\":\"\u00c1tl\u00e1tsz\u00f3 Erd\u00e9ly\",\"description\":\"\u00c1tl\u00e1tsz\u00f3 Erd\u00e9ly\",\"publisher\":{\"@id\":\"https:\/\/prod2.atlatszo.exot.hu\/en\/#organization\"},\"potentialAction\":[{\"@type\":\"SearchAction\",\"target\":{\"@type\":\"EntryPoint\",\"urlTemplate\":\"https:\/\/prod2.atlatszo.exot.hu\/en\/?s={search_term_string}\"},\"query-input\":\"required name=search_term_string\"}],\"inLanguage\":\"ro-RO\"},{\"@type\":\"Organization\",\"@id\":\"https:\/\/prod2.atlatszo.exot.hu\/en\/#organization\",\"name\":\"\u00c1tl\u00e1tsz\u00f3 Erd\u00e9ly\",\"url\":\"https:\/\/prod2.atlatszo.exot.hu\/en\/\",\"logo\":{\"@type\":\"ImageObject\",\"inLanguage\":\"ro-RO\",\"@id\":\"https:\/\/prod2.atlatszo.exot.hu\/en\/#\/schema\/logo\/image\/\",\"url\":\"https:\/\/atlatszo.ro\/wp-content\/uploads\/2022\/06\/logo-atlatszo.png\",\"contentUrl\":\"https:\/\/atlatszo.ro\/wp-content\/uploads\/2022\/06\/logo-atlatszo.png\",\"width\":270,\"height\":104,\"caption\":\"\u00c1tl\u00e1tsz\u00f3 Erd\u00e9ly\"},\"image\":{\"@id\":\"https:\/\/prod2.atlatszo.exot.hu\/en\/#\/schema\/logo\/image\/\"},\"sameAs\":[\"https:\/\/www.facebook.com\/atlatszoerdely\/\",\"https:\/\/twitter.com\/erdely_atlatszo\",\"https:\/\/www.instagram.com\/atlatszo_erdely\/\",\"https:\/\/www.youtube.com\/channel\/UC6lunfqCrLA0aDAjt1--TKg\"]},{\"@type\":\"Person\",\"@id\":\"https:\/\/prod2.atlatszo.exot.hu\/en\/#\/schema\/person\/ee224e1443a0476a9a599098fac5507f\",\"name\":\"Sipos Zolt\u00e1n\",\"image\":{\"@type\":\"ImageObject\",\"inLanguage\":\"ro-RO\",\"@id\":\"https:\/\/prod2.atlatszo.exot.hu\/en\/#\/schema\/person\/image\/6feaf247e9b7017dda8b570b087c428e\",\"url\":\"https:\/\/atlatszo.ro\/wp-content\/uploads\/2025\/02\/sipi.jpg\",\"contentUrl\":\"https:\/\/atlatszo.ro\/wp-content\/uploads\/2025\/02\/sipi.jpg\",\"caption\":\"Sipos Zolt\u00e1n\"},\"description\":\"1980-ban sz\u00fclettem Kolozsv\u00e1ron. Az \u00c1tl\u00e1tsz\u00f3 Erd\u00e9ly egyik alap\u00edt\u00f3ja, jelenleg f\u0151szerkeszt\u0151je \u00e9s egyben kiad\u00f3ja is vagyok. Alapk\u00e9pz\u00e9sen filoz\u00f3fi\u00e1t tanultam, majd szociol\u00f3gia mesterit v\u00e9geztem a Babe\u0219-Bolyai Tudom\u00e1nyegyetemen. 2001-t\u0151l 2014-ig a Transindex.ro internetes port\u00e1ln\u00e1l dolgoztam. T\u00e9m\u00e1im: a magyar korm\u00e1ny hat\u00e1ron t\u00fali t\u00e1mogat\u00e1sai \u00e9s erd\u00e9lyi befoly\u00e1s\u00e9p\u00edt\u00e9se, az erd\u00e9lyi magyar p\u00e1rtok finansz\u00edroz\u00e1sa, politikai \u00e9s \u00fczleti \u00f6sszefon\u00f3d\u00e1sok, k\u00f6z\u00e9leti szem\u00e9lyis\u00e9gek egy\u00fcttm\u0171k\u00f6d\u00e9se a volt kommunista titkosszolg\u00e1lattal, k\u00f6rnyezetszennyez\u0151 nagyberuh\u00e1z\u00e1sok, kisk\u00f6z\u00f6ss\u00e9gek hatalmi viszonyai.\",\"url\":\"https:\/\/atlatszo.ro\/ro\/author\/siposzoltan\/\"}]}<\/script>\n<!-- \/ Yoast SEO plugin. -->","yoast_head_json":{"title":"Jurnali\u015fti \u00een vest\u0103 antiglon\u0163 - \u00c1tl\u00e1tsz\u00f3 Erd\u00e9ly","robots":{"index":"index","follow":"follow","max-snippet":"max-snippet:-1","max-image-preview":"max-image-preview:large","max-video-preview":"max-video-preview:-1"},"canonical":"https:\/\/atlatszo.ro\/ro\/romana\/jurnalisti-in-vesta-antiglont\/","og_locale":"ro_RO","og_type":"article","og_title":"Jurnali\u015fti \u00een vest\u0103 antiglon\u0163 - \u00c1tl\u00e1tsz\u00f3 Erd\u00e9ly","og_description":"Am petrecut o s\u0103pt\u0103m\u00e2n\u0103 la cursul pentru jurnali\u015ftii care transmit din zone de conflict organizat de Ministerul Ap\u0103r\u0103rii Na\u0163ionale: am \u00eenv\u0103\u021bat tehnici de supravie\u021buire de la militarii For\u021belor pentru Opera\u021bii Speciale care au fost \u0219i \u00een Afganistan. Respiri ap\u0103sat, ai vederea \u00eence\u021bo\u0219at\u0103 \u0219i mi\u0219c\u0103rile grele, de fapt ar trebui s\u0103 alergi, dar nu e\u0219ti \u00een [&hellip;]","og_url":"https:\/\/atlatszo.ro\/ro\/romana\/jurnalisti-in-vesta-antiglont\/","og_site_name":"\u00c1tl\u00e1tsz\u00f3 Erd\u00e9ly","article_publisher":"https:\/\/www.facebook.com\/atlatszoerdely\/","article_published_time":"2019-07-23T08:24:43+00:00","article_modified_time":"2019-11-01T07:18:42+00:00","og_image":[{"width":800,"height":533,"url":"https:\/\/atlatszo.ro\/wp-content\/uploads\/2019\/07\/65531339_2430907420476993_4186244764451995648_n-1.jpg","type":"image\/jpeg"}],"author":"Sipos Zolt\u00e1n","twitter_card":"summary_large_image","twitter_creator":"@erdely_atlatszo","twitter_site":"@erdely_atlatszo","twitter_misc":{"Scris de":"Sipos Zolt\u00e1n","Timp estimat pentru citire":"15 minute"},"schema":{"@context":"https:\/\/schema.org","@graph":[{"@type":"Article","@id":"https:\/\/atlatszo.ro\/ro\/romana\/jurnalisti-in-vesta-antiglont\/#article","isPartOf":{"@id":"https:\/\/atlatszo.ro\/ro\/romana\/jurnalisti-in-vesta-antiglont\/"},"author":{"name":"Sipos Zolt\u00e1n","@id":"https:\/\/prod2.atlatszo.exot.hu\/en\/#\/schema\/person\/ee224e1443a0476a9a599098fac5507f"},"headline":"Jurnali\u015fti \u00een vest\u0103 antiglon\u0163","datePublished":"2019-07-23T08:24:43+00:00","dateModified":"2019-11-01T07:18:42+00:00","mainEntityOfPage":{"@id":"https:\/\/atlatszo.ro\/ro\/romana\/jurnalisti-in-vesta-antiglont\/"},"wordCount":3027,"publisher":{"@id":"https:\/\/prod2.atlatszo.exot.hu\/en\/#organization"},"keywords":["Armata Rom\u00e2n\u0103","Batalionul 52 Opera\u021bii Speciale \u201eB\u0103neasa-Otopeni\u201d","Centrul Na\u0163ional de Instruire \u00centrunit\u0103 \"Getica\"","Cincu","jurnali\u0219ti care transmit din zone de conflict","MAPN"],"articleSection":["Rom\u00e2n\u0103"],"inLanguage":"ro-RO"},{"@type":"WebPage","@id":"https:\/\/atlatszo.ro\/ro\/romana\/jurnalisti-in-vesta-antiglont\/","url":"https:\/\/atlatszo.ro\/ro\/romana\/jurnalisti-in-vesta-antiglont\/","name":"Jurnali\u015fti \u00een vest\u0103 antiglon\u0163 - \u00c1tl\u00e1tsz\u00f3 Erd\u00e9ly","isPartOf":{"@id":"https:\/\/prod2.atlatszo.exot.hu\/en\/#website"},"datePublished":"2019-07-23T08:24:43+00:00","dateModified":"2019-11-01T07:18:42+00:00","breadcrumb":{"@id":"https:\/\/atlatszo.ro\/ro\/romana\/jurnalisti-in-vesta-antiglont\/#breadcrumb"},"inLanguage":"ro-RO","potentialAction":[{"@type":"ReadAction","target":["https:\/\/atlatszo.ro\/ro\/romana\/jurnalisti-in-vesta-antiglont\/"]}]},{"@type":"BreadcrumbList","@id":"https:\/\/atlatszo.ro\/ro\/romana\/jurnalisti-in-vesta-antiglont\/#breadcrumb","itemListElement":[{"@type":"ListItem","position":1,"name":"Home","item":"https:\/\/atlatszo.ro\/ro\/"},{"@type":"ListItem","position":2,"name":"Jurnali\u015fti \u00een vest\u0103 antiglon\u0163"}]},{"@type":"WebSite","@id":"https:\/\/prod2.atlatszo.exot.hu\/en\/#website","url":"https:\/\/prod2.atlatszo.exot.hu\/en\/","name":"\u00c1tl\u00e1tsz\u00f3 Erd\u00e9ly","description":"\u00c1tl\u00e1tsz\u00f3 Erd\u00e9ly","publisher":{"@id":"https:\/\/prod2.atlatszo.exot.hu\/en\/#organization"},"potentialAction":[{"@type":"SearchAction","target":{"@type":"EntryPoint","urlTemplate":"https:\/\/prod2.atlatszo.exot.hu\/en\/?s={search_term_string}"},"query-input":"required name=search_term_string"}],"inLanguage":"ro-RO"},{"@type":"Organization","@id":"https:\/\/prod2.atlatszo.exot.hu\/en\/#organization","name":"\u00c1tl\u00e1tsz\u00f3 Erd\u00e9ly","url":"https:\/\/prod2.atlatszo.exot.hu\/en\/","logo":{"@type":"ImageObject","inLanguage":"ro-RO","@id":"https:\/\/prod2.atlatszo.exot.hu\/en\/#\/schema\/logo\/image\/","url":"https:\/\/atlatszo.ro\/wp-content\/uploads\/2022\/06\/logo-atlatszo.png","contentUrl":"https:\/\/atlatszo.ro\/wp-content\/uploads\/2022\/06\/logo-atlatszo.png","width":270,"height":104,"caption":"\u00c1tl\u00e1tsz\u00f3 Erd\u00e9ly"},"image":{"@id":"https:\/\/prod2.atlatszo.exot.hu\/en\/#\/schema\/logo\/image\/"},"sameAs":["https:\/\/www.facebook.com\/atlatszoerdely\/","https:\/\/twitter.com\/erdely_atlatszo","https:\/\/www.instagram.com\/atlatszo_erdely\/","https:\/\/www.youtube.com\/channel\/UC6lunfqCrLA0aDAjt1--TKg"]},{"@type":"Person","@id":"https:\/\/prod2.atlatszo.exot.hu\/en\/#\/schema\/person\/ee224e1443a0476a9a599098fac5507f","name":"Sipos Zolt\u00e1n","image":{"@type":"ImageObject","inLanguage":"ro-RO","@id":"https:\/\/prod2.atlatszo.exot.hu\/en\/#\/schema\/person\/image\/6feaf247e9b7017dda8b570b087c428e","url":"https:\/\/atlatszo.ro\/wp-content\/uploads\/2025\/02\/sipi.jpg","contentUrl":"https:\/\/atlatszo.ro\/wp-content\/uploads\/2025\/02\/sipi.jpg","caption":"Sipos Zolt\u00e1n"},"description":"1980-ban sz\u00fclettem Kolozsv\u00e1ron. Az \u00c1tl\u00e1tsz\u00f3 Erd\u00e9ly egyik alap\u00edt\u00f3ja, jelenleg f\u0151szerkeszt\u0151je \u00e9s egyben kiad\u00f3ja is vagyok. Alapk\u00e9pz\u00e9sen filoz\u00f3fi\u00e1t tanultam, majd szociol\u00f3gia mesterit v\u00e9geztem a Babe\u0219-Bolyai Tudom\u00e1nyegyetemen. 2001-t\u0151l 2014-ig a Transindex.ro internetes port\u00e1ln\u00e1l dolgoztam. T\u00e9m\u00e1im: a magyar korm\u00e1ny hat\u00e1ron t\u00fali t\u00e1mogat\u00e1sai \u00e9s erd\u00e9lyi befoly\u00e1s\u00e9p\u00edt\u00e9se, az erd\u00e9lyi magyar p\u00e1rtok finansz\u00edroz\u00e1sa, politikai \u00e9s \u00fczleti \u00f6sszefon\u00f3d\u00e1sok, k\u00f6z\u00e9leti szem\u00e9lyis\u00e9gek egy\u00fcttm\u0171k\u00f6d\u00e9se a volt kommunista titkosszolg\u00e1lattal, k\u00f6rnyezetszennyez\u0151 nagyberuh\u00e1z\u00e1sok, kisk\u00f6z\u00f6ss\u00e9gek hatalmi viszonyai.","url":"https:\/\/atlatszo.ro\/ro\/author\/siposzoltan\/"}]}},"authors":[{"term_id":2992,"user_id":7,"is_guest":0,"slug":"siposzoltan","display_name":"Sipos Zolt\u00e1n","avatar_url":{"url":"https:\/\/atlatszo.ro\/wp-content\/uploads\/2025\/02\/sipi.jpg","url2x":"https:\/\/atlatszo.ro\/wp-content\/uploads\/2025\/02\/sipi.jpg"},"user_url":"","last_name":"Sipos","first_name":"Zolt\u00e1n","description":"1980-ban sz\u00fclettem Kolozsv\u00e1ron. Az \u00c1tl\u00e1tsz\u00f3 Erd\u00e9ly egyik alap\u00edt\u00f3ja, jelenleg f\u0151szerkeszt\u0151je \u00e9s egyben kiad\u00f3ja is vagyok. Alapk\u00e9pz\u00e9sen filoz\u00f3fi\u00e1t tanultam, majd szociol\u00f3gia mesterit v\u00e9geztem a Babe\u0219-Bolyai Tudom\u00e1nyegyetemen. 2001-t\u0151l 2014-ig a <a href=\"http:\/\/transindex.ro\/\" target=\"_blank\">Transindex.ro<\/a> internetes port\u00e1ln\u00e1l dolgoztam.\r\n\r\nT\u00e9m\u00e1im: a magyar korm\u00e1ny hat\u00e1ron t\u00fali t\u00e1mogat\u00e1sai \u00e9s erd\u00e9lyi befoly\u00e1s\u00e9p\u00edt\u00e9se, az erd\u00e9lyi magyar p\u00e1rtok finansz\u00edroz\u00e1sa, politikai \u00e9s \u00fczleti \u00f6sszefon\u00f3d\u00e1sok, k\u00f6z\u00e9leti szem\u00e9lyis\u00e9gek egy\u00fcttm\u0171k\u00f6d\u00e9se a volt kommunista titkosszolg\u00e1lattal, k\u00f6rnyezetszennyez\u0151 nagyberuh\u00e1z\u00e1sok, kisk\u00f6z\u00f6ss\u00e9gek hatalmi viszonyai."}],"_links":{"self":[{"href":"https:\/\/atlatszo.ro\/ro\/wp-json\/wp\/v2\/posts\/27598"}],"collection":[{"href":"https:\/\/atlatszo.ro\/ro\/wp-json\/wp\/v2\/posts"}],"about":[{"href":"https:\/\/atlatszo.ro\/ro\/wp-json\/wp\/v2\/types\/post"}],"author":[{"embeddable":true,"href":"https:\/\/atlatszo.ro\/ro\/wp-json\/wp\/v2\/users\/7"}],"replies":[{"embeddable":true,"href":"https:\/\/atlatszo.ro\/ro\/wp-json\/wp\/v2\/comments?post=27598"}],"version-history":[{"count":0,"href":"https:\/\/atlatszo.ro\/ro\/wp-json\/wp\/v2\/posts\/27598\/revisions"}],"wp:featuredmedia":[{"embeddable":true,"href":"https:\/\/atlatszo.ro\/ro\/wp-json\/wp\/v2\/media\/27599"}],"wp:attachment":[{"href":"https:\/\/atlatszo.ro\/ro\/wp-json\/wp\/v2\/media?parent=27598"}],"wp:term":[{"taxonomy":"category","embeddable":true,"href":"https:\/\/atlatszo.ro\/ro\/wp-json\/wp\/v2\/categories?post=27598"},{"taxonomy":"post_tag","embeddable":true,"href":"https:\/\/atlatszo.ro\/ro\/wp-json\/wp\/v2\/tags?post=27598"},{"taxonomy":"author","embeddable":true,"href":"https:\/\/atlatszo.ro\/ro\/wp-json\/wp\/v2\/ppma_author?post=27598"}],"curies":[{"name":"wp","href":"https:\/\/api.w.org\/{rel}","templated":true}]}}